{"id":419,"date":"2020-06-12T13:42:52","date_gmt":"2020-06-12T11:42:52","guid":{"rendered":"http:\/\/atelierbrumaire.com\/?p=419"},"modified":"2020-07-27T10:43:10","modified_gmt":"2020-07-27T08:43:10","slug":"habitat-cooperatif","status":"publish","type":"post","link":"http:\/\/atelierbrumaire.com\/en\/habitat-cooperatif\/","title":{"rendered":"L&#8217;habitat du futur sera coop\u00e9ratif"},"content":{"rendered":"\t\t<div data-elementor-type=\"wp-post\" data-elementor-id=\"419\" class=\"elementor elementor-419\">\n\t\t\t\t\t\t<section class=\"elementor-section elementor-top-section elementor-element elementor-element-9dc6ee1 elementor-section-boxed elementor-section-height-default elementor-section-height-default\" data-id=\"9dc6ee1\" data-element_type=\"section\" data-e-type=\"section\">\n\t\t\t\t\t\t<div class=\"elementor-container elementor-column-gap-default\">\n\t\t\t\t\t<div class=\"elementor-column elementor-col-100 elementor-top-column elementor-element elementor-element-efa6539\" data-id=\"efa6539\" data-element_type=\"column\" data-e-type=\"column\">\n\t\t\t<div class=\"elementor-widget-wrap elementor-element-populated\">\n\t\t\t\t\t\t<div class=\"elementor-element elementor-element-57d2184 elementor-widget elementor-widget-text-editor\" data-id=\"57d2184\" data-element_type=\"widget\" data-e-type=\"widget\" data-widget_type=\"text-editor.default\">\n\t\t\t\t<div class=\"elementor-widget-container\">\n\t\t\t\t\t\t\t\t\t<p><em>f\u00e9vrier 2020, article publi\u00e9 par LaSemaine, hebdomadaire Grand Est, France<\/em><\/p>\n<p style=\"text-align: justify;\">La projection de l\u2019habitat dans le futur, m\u00eame proche, est indissociable des grands enjeux mondiaux et environnementaux. En tant qu\u2019architectes, penser l\u2019habitat du futur est une recherche constante : quels choix pour des mat\u00e9riaux responsables ? quelle performance \u00e9nerg\u00e9tique viser ? comment r\u00e9duire les d\u00e9chets dans la production et la d\u00e9construction des b\u00e2timents ? comment rendre des logements de qualit\u00e9s accessibles \u00e0 tous ? comment cr\u00e9er des logements plus en accord avec les besoins de ses habitants ?<\/p>\n<p style=\"text-align: justify;\">Pour ce dernier point, une notion \u00e9mergente en France mais d\u00e9j\u00e0 largement d\u00e9velopp\u00e9e chez nos voisins allemands et suisses est celle de l\u2019habitat participatif, sous sa forme coop\u00e9rative notamment.<\/p>\n<p style=\"text-align: justify;\"><b>Habitat partag\u00e9&nbsp;: qu\u2019est-ce que c\u2019est ?<\/b><\/p>\n<p style=\"text-align: justify;\">Habitat partag\u00e9, habitat group\u00e9, habitat coop\u00e9ratif : autant de termes qui distinguent les nuances d\u2019une m\u00eame aspiration \u00e0 mettre en commun certains espaces ou usages. L\u2019habitat participatif est le d\u00e9nominateur commun \u00e0 ces diff\u00e9rents termes et s\u2019inscrit dans le cadre des logements d\u2019utilit\u00e9 publique avec la loi ALUR depuis 2014.<\/p>\n<p style=\"text-align: justify;\">\u00ab [Il] <i>permet \u00e0 des groupes de citoyens de concevoir, cr\u00e9er et g\u00e9rer leur habitat collectivement, en combinant<br>espaces privatifs et espaces communs pour mieux r\u00e9pondre \u00e0 leurs besoins, en coh\u00e9rence avec leurs moyens et leurs aspirations<\/i> \u00bb<a title=\"\" href=\"file:\/\/\/C:\/Users\/Marie%20Ludmann\/Dropbox\/Mon%20PC%20(DESKTOP-SFIJ9UK)\/Desktop\/BRUMAIRE\/00%20BRUMAIRE\/02%20IDENTITE\/04%20Articles\/200204-Habitat%20du%20futur%20pour%20LaSemaine\/200205-RENDU\/200205-Habitat%20coop%C3%A9ratif.docx#_ftn1\"><span><!-- [if !supportFootnotes]--><span><span style=\"font-size: 9.0pt; mso-bidi-font-size: 11.0pt; line-height: 107%;\">[1]<\/span><\/span><!--[endif]--><\/span><\/a><\/p>\n<p style=\"text-align: justify;\">De nombreuses th\u00e9matiques sont directement li\u00e9es \u00e0 l\u2019habitat participatif, et seront discut\u00e9es collectivement&nbsp;: comme le rapport \u00e0 l\u2019architecture et aux espaces, \u00e0 l\u2019\u00e9cologie, \u00e0 la gestion \u00e9conomique des contributions, aux espaces ext\u00e9rieurs, \u00e0 la cohabitation entre particuliers et avec des entreprises, ou aux relations publiques par exemple.<\/p>\n<p style=\"text-align: justify;\">Les espaces partag\u00e9s peuvent prendre plusieurs formes, que ce soit pour les acc\u00e8s ou encore la proximit\u00e9 vis-\u00e0-vis des logements priv\u00e9s. Concr\u00e8tement, c\u2019est une chambre d\u2019amis communes \u00e0 quelques logements, une buanderie, des espaces de jeux ext\u00e9rieurs et int\u00e9rieurs, une salle de f\u00eate, une cuisine d\u2019\u00e9t\u00e9, des ateliers, une ludoth\u00e8que ou une biblioth\u00e8que, des espaces de terrasse partag\u00e9s, etc. La mise en commun de certains usages permet \u00e9galement de repenser les indispensables espaces priv\u00e9s sous un nouveau prisme et de requalifier leur importance. Par exemple, augmenter ou diminuer la taille de la chambre ou celle du salon, au vu des espaces de vie partag\u00e9s \u00e0 disposition.<\/p>\n<p style=\"text-align: justify;\"><b>La force de l\u2019habitat coop\u00e9ratif<\/b><\/p>\n<p style=\"text-align: justify;\">L\u2019habitat coop\u00e9ratif se distingue des autres en pr\u00f4nant la propri\u00e9t\u00e9 collective, la sortie du bien immobilier du syst\u00e8me sp\u00e9culatif et un fonctionnement d\u00e9mocratique. Ce mod\u00e8le en France en est \u00e0 ses balbutiements.<\/p>\n<p style=\"text-align: justify;\">Dans le cadre de l\u2019habitat coop\u00e9ratif, les habitants sont propri\u00e9taires et locataires : ils poss\u00e8dent des parts de la coop\u00e9rative, qui elle est propri\u00e9taire du bien, et ils paient un loyer, souvent assez bas. En tant que membres de la coop\u00e9rative, les habitants s\u2019engagent \u00e0 participer \u00e0 la prise de d\u00e9cision et \u00e0 donner de leur temps pour la collectivit\u00e9. En parall\u00e8le, la forme coop\u00e9rative assure un fonctionnement \u00e0 co\u00fbts r\u00e9els.<\/p>\n<p style=\"text-align: justify;\">Particularit\u00e9 du droit local, h\u00e9ritage des Baugenossenschaften<span><a title=\"\" href=\"file:\/\/\/C:\/Users\/Marie%20Ludmann\/Dropbox\/Mon%20PC%20(DESKTOP-SFIJ9UK)\/Desktop\/BRUMAIRE\/00%20BRUMAIRE\/02%20IDENTITE\/04%20Articles\/200204-Habitat%20du%20futur%20pour%20LaSemaine\/200205-RENDU\/200205-Habitat%20coop%C3%A9ratif.docx#_ftn2\"><!-- [if !supportFootnotes]--><span><span style=\"font-size: 9.0pt; mso-bidi-font-size: 11.0pt; line-height: 107%;\">[2]<\/span><\/span><\/a>&nbsp;<\/span>allemandes, il existe depuis plus de cent ans un statut juridique de Soci\u00e9t\u00e9 Coop\u00e9rative Immobili\u00e8re en Moselle, Haut-Rhin et Bas-Rhin. Equivalent des coop\u00e9ratives germaniques, cette particularit\u00e9 n\u2019a jamais \u00e9t\u00e9 exploit\u00e9e et ces soci\u00e9t\u00e9s coop\u00e9ratives sont tr\u00e8s peu nombreuses.<\/p>\n<p style=\"text-align: justify;\"><b>La r\u00e9alit\u00e9 des habitats coop\u00e9ratifs en Suisse<\/b><\/p>\n<p style=\"text-align: justify;\">Les exemples d\u2019habitat coop\u00e9ratif les plus connus en Suisse sont \u00e0 Zurich (Kraftwerk, Dreieck, et plus r\u00e9cemment Kalkbreite ou Mehr als Wohnen) et \u00e0 Gen\u00e8ve (Il\u00f4t 13, Coulouvreni\u00e8re et autres logements g\u00e9r\u00e9s par la Cig\u00fce, logements de la CODHA). Historiquement, ces coop\u00e9ratives autog\u00e9r\u00e9es sont issues de la culture du squat d\u2019une part, mais \u00e9galement de la pratique d\u00e9mocratique et des habitudes de dialogue entre la ville et les coop\u00e9ratives. A Zurich, aujourd\u2019hui, plus de 25% des logements sont g\u00e9r\u00e9s par des coop\u00e9ratives, que ce soit pour des logements bon march\u00e9 ou pour des logements de plus haut standing. En termes d\u2019architecture, on observe que cela impacte les formes de la ville. Les op\u00e9rations sont moins st\u00e9r\u00e9otyp\u00e9es, que ce soit au niveau de l\u2019implantation des b\u00e2timents ou au niveau du programme.<\/p>\n<p style=\"text-align: justify;\">Un exemple \u00e0 Gen\u00e8ve est celui des logements \u00e9tudiants de la Coulouvreni\u00e8re, Place des Volontaires, qui repose sur une gestion coop\u00e9rative et un fonctionnement participatif par les coop\u00e9rateurs. Dans l\u2019espace de la ville, cela se traduit par la pr\u00e9sence d\u2019un caf\u00e9 ouvert \u00e0 tous, selon des permanences r\u00e9guli\u00e8res, en rez-de-chauss\u00e9e, qui participe \u00e0 la vie du quartier.<\/p>\n<p style=\"text-align: justify;\">A Gen\u00e8ve toujours, l\u2019ilot 13 reste un exemple de coop\u00e9ration entre des habitants et les instances publiques. Ils se sont investis pour leur qualit\u00e9 de vie et ont su d\u00e9finir, en dialogue avec la ville, toutes les conditions n\u00e9cessaires au maintien et au d\u00e9veloppement de leur habitat collectif avec ses sp\u00e9cificit\u00e9s&nbsp;: des espaces d\u2019ateliers pour les habitants et coop\u00e9rateurs, des espaces pour organiser des \u00e9v\u00e9nements, de larges terrasses accessibles par tous. Et ces espaces participent activement au quartier et \u00e0 la ville, au-del\u00e0 de la collectivit\u00e9 de d\u00e9part.<\/p>\n<p style=\"text-align: justify;\"><b>Centre-ville de Metz&nbsp;: l\u2019habitat coop\u00e9ratif face \u00e0 l\u2019exode des commerces<\/b><\/p>\n<p style=\"text-align: justify;\">Cette forme coop\u00e9rative s\u2019adapte \u00e0 plus ou moins long terme, et pourrait \u00e9galement correspondre \u00e0 des besoins d\u2019occupations temporaires. Que ce soit \u00e0 court, moyen ou long terme, cette gestion participative pourrait \u00eatre une aubaine pour faire face \u00e0 la perte de vitesse du centre-ville au niveau des commerces. En plus de garantir la gestion et l\u2019entretien du patrimoine existant, la forme coop\u00e9rative permet de cr\u00e9er de nouveaux usages collectifs propres \u00e0 des besoins locaux.<\/p>\n<p style=\"text-align: justify;\">Par exemple, au centre-ville de Metz, les locaux commerciaux en pied d\u2019immeuble sont de plus en plus d\u00e9sert\u00e9s, m\u00eame au niveau d\u2019un axe pi\u00e9ton important comme celui de la Rue Serpenoise. Alors qu\u2019une partie importante de la population est toujours friande d\u2019acc\u00e9der \u00e0 un logement au centre-ville et qu\u2019une autre y habitant d\u00e9j\u00e0, pourrait \u00eatre ouvert \u00e0 une mutation en coop\u00e9rative. Il faut trouver une connivence.<\/p>\n<p style=\"text-align: justify;\">En imaginant qu\u2019une partie des immeubles du centre puisse \u00eatre g\u00e9r\u00e9e en coop\u00e9rative, il y aurait alors de nouveaux usages, en rez-de-chauss\u00e9e notamment. Ces usages seraient tenus dans le temps par les engagements que la forme coop\u00e9rative induit&nbsp;: un caf\u00e9, m\u00eame s\u2019il est ouvert quelques heures par jour ou par semaine, un atelier, un bar associatif, un supermarch\u00e9 coop\u00e9ratif\u2026 toutes ces possibilit\u00e9s pourraient, m\u00eame temporairement, redynamiser le centre et pourquoi pas se muer en un projet de plus longue dur\u00e9e, ou c\u00e9der la place \u00e0 de nouveaux int\u00e9ress\u00e9s, attir\u00e9s par le bouillonnement g\u00e9n\u00e9r\u00e9.<\/p>\n<p style=\"text-align: justify;\"><span style=\"mso-bidi-font-size: 9.0pt; line-height: 107%;\">En France, l\u2019id\u00e9e que le logement bon march\u00e9 puisse \u00eatre auto-financ\u00e9 commence \u00e0 faire son chemin<a title=\"\" href=\"file:\/\/\/C:\/Users\/Marie%20Ludmann\/Dropbox\/Mon%20PC%20(DESKTOP-SFIJ9UK)\/Desktop\/BRUMAIRE\/00%20BRUMAIRE\/02%20IDENTITE\/04%20Articles\/200204-Habitat%20du%20futur%20pour%20LaSemaine\/200205-RENDU\/200205-Habitat%20coop%C3%A9ratif.docx#_ftn3\"><span><!-- [if !supportFootnotes]--><span><span style=\"font-size: 9.0pt; line-height: 107%;\">[3]<\/span><\/span><!--[endif]--><\/span><\/a>. A l\u2019instar des projets les plus r\u00e9cents qui int\u00e8grent les commerces, cr\u00e8ches ou autres services, un projet d\u2019habitat coop\u00e9ratif au centre-ville de Metz pourrait b\u00e9n\u00e9ficier \u00e0 son dynamisme. Fort du droit local, on pourrait imaginer prendre exemple sur les soci\u00e9t\u00e9s coop\u00e9ratives immobili\u00e8res \u00e0 but non-lucratif existantes qui n\u2019ont rien \u00e0 envier \u00e0 l\u2019\u00e9conomie solidaire et sociale.<\/span><\/p>\n<p style=\"text-align: justify;\">&nbsp;Mais surtout, et les coop\u00e9ratives l\u2019ont bien compris, un projet d\u2019habitat coop\u00e9ratif est l\u2019occasion d\u2019engager un concours d\u2019architecture sur esquisse ou un dialogue pouss\u00e9 entre le ou les architectes choisis et les usagers, gage de qualit\u00e9 des deux c\u00f4t\u00e9s. Pour les futurs usagers et la coop\u00e9rative d\u2019une part car ils entament un processus d\u2019\u00e9change (souvent en 2 ou 3 phases) sur leurs besoins r\u00e9els, et pour les architectes d\u2019autre part car une ma\u00eetrise d\u2019ouvrage engag\u00e9e dans son projet, et pas seulement de mani\u00e8re<br>\u00e9conomique, permet de mieux faire avancer le projet.<\/p>\n<p style=\"text-align: justify;\">Patrick Bouchain soutient que le travail d\u00e9passe la mati\u00e8re? Il veut introduire dans le logement social, le fait de laisser les habitants se r\u00e9approprier leur logement. Parce que l&#8217;habitant l&#8217;entretient, le g\u00e8re, le transforme, cela cr\u00e9e de la valeur, et cette valeur pourrait remplacer, en partie au moins, le loyer. S&#8217;il va plus loin que les habitats coop\u00e9ratifs, ce qui est int\u00e9ressant ici, c&#8217;est l&#8217;id\u00e9e de donner de la valeur aux actions collectives d&#8217;appropriation.<\/p>\n<div>\n<p><!-- [if !supportFootnotes]--><\/p>\n<hr align=\"left\" size=\"1\" width=\"33%\">\n<p><!--[endif]--><\/p>\n<div>\n<p><a title=\"\" href=\"file:\/\/\/C:\/Users\/Marie%20Ludmann\/Dropbox\/Mon%20PC%20(DESKTOP-SFIJ9UK)\/Desktop\/BRUMAIRE\/00%20BRUMAIRE\/02%20IDENTITE\/04%20Articles\/200204-Habitat%20du%20futur%20pour%20LaSemaine\/200205-RENDU\/200205-Habitat%20coop%C3%A9ratif.docx#_ftnref1\"><span><span style=\"font-size: 8.0pt;\"><!-- [if !supportFootnotes]--><span><span style=\"font-size: 8.0pt; line-height: 107%;\">[1]<\/span><\/span><!--[endif]--><\/span><\/span><\/a><span style=\"font-size: 8.0pt;\"> D\u00e9finition de la plateforme nationale de l\u2019habitat participatif&nbsp;<\/span><a title=\"\" href=\"file:\/\/\/C:\/Users\/Marie%20Ludmann\/Dropbox\/Mon%20PC%20(DESKTOP-SFIJ9UK)\/Desktop\/BRUMAIRE\/00%20BRUMAIRE\/02%20IDENTITE\/04%20Articles\/200204-Habitat%20du%20futur%20pour%20LaSemaine\/200205-RENDU\/200205-Habitat%20coop%C3%A9ratif.docx#_ftnref2\" style=\"font-size: 14px; background-color: rgb(255, 255, 255);\"><span><span style=\"font-size: 8.0pt;\"><span><span style=\"font-size: 8.0pt; line-height: 107%;\">[2]<\/span><\/span><\/span><\/span><\/a><span style=\"font-size: 8pt;\"> Traduction&nbsp;: coop\u00e9rative immobili\u00e8re&nbsp;<\/span><a title=\"\" href=\"file:\/\/\/C:\/Users\/Marie%20Ludmann\/Dropbox\/Mon%20PC%20(DESKTOP-SFIJ9UK)\/Desktop\/BRUMAIRE\/00%20BRUMAIRE\/02%20IDENTITE\/04%20Articles\/200204-Habitat%20du%20futur%20pour%20LaSemaine\/200205-RENDU\/200205-Habitat%20coop%C3%A9ratif.docx#_ftnref3\" style=\"font-size: 14px; background-color: rgb(255, 255, 255);\"><span><span style=\"font-size: 8.0pt;\"><span><span style=\"font-size: 8.0pt; line-height: 107%;\">[3]<\/span><\/span><\/span><\/span><\/a><span style=\"font-size: 14px;\">&nbsp;&nbsp;<\/span><a href=\"https:\/\/www.espazium.ch\/fr\/actualites\/zurich-lincroyable-dynamisme-des-cooperatives-de-logement\" style=\"font-size: 14px; background-color: rgb(255, 255, 255);\"><span style=\"font-size: 8.0pt; color: #a6a6a6; mso-themecolor: background1; mso-themeshade: 166;\">https:\/\/www.espazium.ch\/fr\/actualites\/zurich-lincroyable-dynamisme-des-cooperatives-de-logement<\/span><\/a><\/p>\n<\/div>\n<\/div>\t\t\t\t\t\t\t\t<\/div>\n\t\t\t\t<\/div>\n\t\t\t\t\t<\/div>\n\t\t<\/div>\n\t\t\t\t\t<\/div>\n\t\t<\/section>\n\t\t\t\t<\/div>\n\t\t","protected":false},"excerpt":{"rendered":"<p>f\u00e9vrier 2020, article publi\u00e9 par LaSemaine, hebdomadaire Grand Est, France La projection de l\u2019habitat dans le futur, m\u00eame proche, est indissociable des grands enjeux mondiaux et environnementaux. En tant qu\u2019architectes, penser l\u2019habitat du futur est une recherche constante : quels choix pour des mat\u00e9riaux responsables ? quelle performance \u00e9nerg\u00e9tique viser ? comment r\u00e9duire les d\u00e9chets [&hellip;]<\/p>\n","protected":false},"author":1,"featured_media":421,"comment_status":"closed","ping_status":"open","sticky":false,"template":"","format":"standard","meta":{"_acf_changed":false,"site-sidebar-layout":"default","site-content-layout":"","ast-site-content-layout":"default","site-content-style":"default","site-sidebar-style":"default","ast-global-header-display":"","ast-banner-title-visibility":"","ast-main-header-display":"","ast-hfb-above-header-display":"","ast-hfb-below-header-display":"","ast-hfb-mobile-header-display":"","site-post-title":"","ast-breadcrumbs-content":"","ast-featured-img":"","footer-sml-layout":"","ast-disable-related-posts":"","theme-transparent-header-meta":"","adv-header-id-meta":"","stick-header-meta":"","header-above-stick-meta":"","header-main-stick-meta":"","header-below-stick-meta":"","astra-migrate-meta-layouts":"default","ast-page-background-enabled":"default","ast-page-background-meta":{"desktop":{"background-color":"var(--ast-global-color-4)","background-image":"","background-repeat":"repeat","background-position":"center center","background-size":"auto","background-attachment":"scroll","background-type":"","background-media":"","overlay-type":"","overlay-color":"","overlay-opacity":"","overlay-gradient":""},"tablet":{"background-color":"","background-image":"","background-repeat":"repeat","background-position":"center center","background-size":"auto","background-attachment":"scroll","background-type":"","background-media":"","overlay-type":"","overlay-color":"","overlay-opacity":"","overlay-gradient":""},"mobile":{"background-color":"","background-image":"","background-repeat":"repeat","background-position":"center center","background-size":"auto","background-attachment":"scroll","background-type":"","background-media":"","overlay-type":"","overlay-color":"","overlay-opacity":"","overlay-gradient":""}},"ast-content-background-meta":{"desktop":{"background-color":"var(--ast-global-color-5)","background-image":"","background-repeat":"repeat","background-position":"center center","background-size":"auto","background-attachment":"scroll","background-type":"","background-media":"","overlay-type":"","overlay-color":"","overlay-opacity":"","overlay-gradient":""},"tablet":{"background-color":"var(--ast-global-color-5)","background-image":"","background-repeat":"repeat","background-position":"center center","background-size":"auto","background-attachment":"scroll","background-type":"","background-media":"","overlay-type":"","overlay-color":"","overlay-opacity":"","overlay-gradient":""},"mobile":{"background-color":"var(--ast-global-color-5)","background-image":"","background-repeat":"repeat","background-position":"center center","background-size":"auto","background-attachment":"scroll","background-type":"","background-media":"","overlay-type":"","overlay-color":"","overlay-opacity":"","overlay-gradient":""}},"footnotes":""},"categories":[4],"tags":[],"class_list":["post-419","post","type-post","status-publish","format-standard","has-post-thumbnail","hentry","category-ressources"],"acf":[],"yoast_head":"<!-- This site is optimized with the Yoast SEO plugin v27.5 - https:\/\/yoast.com\/product\/yoast-seo-wordpress\/ -->\n<title>L&#039;habitat du futur sera coop\u00e9ratif<\/title>\n<meta name=\"robots\" content=\"index, follow, max-snippet:-1, max-image-preview:large, max-video-preview:-1\" \/>\n<link rel=\"canonical\" href=\"https:\/\/atelierbrumaire.com\/en\/habitat-cooperatif\/\" \/>\n<meta property=\"og:locale\" content=\"en_US\" \/>\n<meta property=\"og:locale:alternate\" content=\"fr_FR\" \/>\n<meta property=\"og:locale:alternate\" content=\"de_DE\" \/>\n<meta property=\"og:type\" content=\"article\" \/>\n<meta property=\"og:title\" content=\"L&#039;habitat du futur sera coop\u00e9ratif\" \/>\n<meta property=\"og:description\" content=\"f\u00e9vrier 2020, article publi\u00e9 par LaSemaine, hebdomadaire Grand Est, France La projection de l\u2019habitat dans le futur, m\u00eame proche, est indissociable des grands enjeux mondiaux et environnementaux. En tant qu\u2019architectes, penser l\u2019habitat du futur est une recherche constante : quels choix pour des mat\u00e9riaux responsables ? quelle performance \u00e9nerg\u00e9tique viser ? comment r\u00e9duire les d\u00e9chets [&hellip;]\" \/>\n<meta property=\"og:url\" content=\"http:\/\/atelierbrumaire.com\/en\/habitat-cooperatif\/\" \/>\n<meta property=\"og:site_name\" content=\"BRUMAIRE atelier d&#039;architecture\" \/>\n<meta property=\"article:published_time\" content=\"2020-06-12T11:42:52+00:00\" \/>\n<meta property=\"article:modified_time\" content=\"2020-07-27T08:43:10+00:00\" \/>\n<meta property=\"og:image\" content=\"https:\/\/atelierbrumaire.com\/wp-content\/uploads\/2020\/06\/IMG_6535-2-1024x1024.jpg\" \/>\n\t<meta property=\"og:image:width\" content=\"1024\" \/>\n\t<meta property=\"og:image:height\" content=\"1024\" \/>\n\t<meta property=\"og:image:type\" content=\"image\/jpeg\" \/>\n<meta name=\"author\" content=\"admin1632\" \/>\n<meta name=\"twitter:card\" content=\"summary_large_image\" \/>\n<meta name=\"twitter:label1\" content=\"Written by\" \/>\n\t<meta name=\"twitter:data1\" content=\"admin1632\" \/>\n\t<meta name=\"twitter:label2\" content=\"Est. reading time\" \/>\n\t<meta name=\"twitter:data2\" content=\"7 minutes\" \/>\n<script type=\"application\/ld+json\" class=\"yoast-schema-graph\">{\"@context\":\"https:\\\/\\\/schema.org\",\"@graph\":[{\"@type\":\"Article\",\"@id\":\"https:\\\/\\\/atelierbrumaire.com\\\/en\\\/habitat-cooperatif\\\/#article\",\"isPartOf\":{\"@id\":\"https:\\\/\\\/atelierbrumaire.com\\\/en\\\/habitat-cooperatif\\\/\"},\"author\":{\"name\":\"admin1632\",\"@id\":\"http:\\\/\\\/atelierbrumaire.com\\\/#\\\/schema\\\/person\\\/aa33980b99c2a82ae49dfc57abf95701\"},\"headline\":\"L&#8217;habitat du futur sera coop\u00e9ratif\",\"datePublished\":\"2020-06-12T11:42:52+00:00\",\"dateModified\":\"2020-07-27T08:43:10+00:00\",\"mainEntityOfPage\":{\"@id\":\"https:\\\/\\\/atelierbrumaire.com\\\/en\\\/habitat-cooperatif\\\/\"},\"wordCount\":1494,\"publisher\":{\"@id\":\"http:\\\/\\\/atelierbrumaire.com\\\/#organization\"},\"image\":{\"@id\":\"https:\\\/\\\/atelierbrumaire.com\\\/en\\\/habitat-cooperatif\\\/#primaryimage\"},\"thumbnailUrl\":\"http:\\\/\\\/atelierbrumaire.com\\\/wp-content\\\/uploads\\\/2020\\\/06\\\/IMG_6535-2-scaled.jpg\",\"articleSection\":[\"ressources\"],\"inLanguage\":\"en-US\"},{\"@type\":\"WebPage\",\"@id\":\"https:\\\/\\\/atelierbrumaire.com\\\/en\\\/habitat-cooperatif\\\/\",\"url\":\"https:\\\/\\\/atelierbrumaire.com\\\/en\\\/habitat-cooperatif\\\/\",\"name\":\"L'habitat du futur sera coop\u00e9ratif\",\"isPartOf\":{\"@id\":\"http:\\\/\\\/atelierbrumaire.com\\\/#website\"},\"primaryImageOfPage\":{\"@id\":\"https:\\\/\\\/atelierbrumaire.com\\\/en\\\/habitat-cooperatif\\\/#primaryimage\"},\"image\":{\"@id\":\"https:\\\/\\\/atelierbrumaire.com\\\/en\\\/habitat-cooperatif\\\/#primaryimage\"},\"thumbnailUrl\":\"http:\\\/\\\/atelierbrumaire.com\\\/wp-content\\\/uploads\\\/2020\\\/06\\\/IMG_6535-2-scaled.jpg\",\"datePublished\":\"2020-06-12T11:42:52+00:00\",\"dateModified\":\"2020-07-27T08:43:10+00:00\",\"breadcrumb\":{\"@id\":\"https:\\\/\\\/atelierbrumaire.com\\\/en\\\/habitat-cooperatif\\\/#breadcrumb\"},\"inLanguage\":\"en-US\",\"potentialAction\":[{\"@type\":\"ReadAction\",\"target\":[\"https:\\\/\\\/atelierbrumaire.com\\\/en\\\/habitat-cooperatif\\\/\"]}]},{\"@type\":\"ImageObject\",\"inLanguage\":\"en-US\",\"@id\":\"https:\\\/\\\/atelierbrumaire.com\\\/en\\\/habitat-cooperatif\\\/#primaryimage\",\"url\":\"http:\\\/\\\/atelierbrumaire.com\\\/wp-content\\\/uploads\\\/2020\\\/06\\\/IMG_6535-2-scaled.jpg\",\"contentUrl\":\"http:\\\/\\\/atelierbrumaire.com\\\/wp-content\\\/uploads\\\/2020\\\/06\\\/IMG_6535-2-scaled.jpg\",\"width\":2560,\"height\":2560},{\"@type\":\"BreadcrumbList\",\"@id\":\"https:\\\/\\\/atelierbrumaire.com\\\/en\\\/habitat-cooperatif\\\/#breadcrumb\",\"itemListElement\":[{\"@type\":\"ListItem\",\"position\":1,\"name\":\"Accueil\",\"item\":\"http:\\\/\\\/atelierbrumaire.com\\\/\"},{\"@type\":\"ListItem\",\"position\":2,\"name\":\"L&#8217;habitat du futur sera coop\u00e9ratif\"}]},{\"@type\":\"WebSite\",\"@id\":\"http:\\\/\\\/atelierbrumaire.com\\\/#website\",\"url\":\"http:\\\/\\\/atelierbrumaire.com\\\/\",\"name\":\"BRUMAIRE atelier d'architecture\",\"description\":\"Grenoble - Metz\",\"publisher\":{\"@id\":\"http:\\\/\\\/atelierbrumaire.com\\\/#organization\"},\"potentialAction\":[{\"@type\":\"SearchAction\",\"target\":{\"@type\":\"EntryPoint\",\"urlTemplate\":\"http:\\\/\\\/atelierbrumaire.com\\\/?s={search_term_string}\"},\"query-input\":{\"@type\":\"PropertyValueSpecification\",\"valueRequired\":true,\"valueName\":\"search_term_string\"}}],\"inLanguage\":\"en-US\"},{\"@type\":\"Organization\",\"@id\":\"http:\\\/\\\/atelierbrumaire.com\\\/#organization\",\"name\":\"BRUMAIRE\",\"url\":\"http:\\\/\\\/atelierbrumaire.com\\\/\",\"logo\":{\"@type\":\"ImageObject\",\"inLanguage\":\"en-US\",\"@id\":\"http:\\\/\\\/atelierbrumaire.com\\\/#\\\/schema\\\/logo\\\/image\\\/\",\"url\":\"http:\\\/\\\/atelierbrumaire.com\\\/wp-content\\\/uploads\\\/2020\\\/07\\\/Brumaire-atelier-architecture-icone-Marie-Ludmann.jpg\",\"contentUrl\":\"http:\\\/\\\/atelierbrumaire.com\\\/wp-content\\\/uploads\\\/2020\\\/07\\\/Brumaire-atelier-architecture-icone-Marie-Ludmann.jpg\",\"width\":896,\"height\":896,\"caption\":\"BRUMAIRE\"},\"image\":{\"@id\":\"http:\\\/\\\/atelierbrumaire.com\\\/#\\\/schema\\\/logo\\\/image\\\/\"},\"sameAs\":[\"https:\\\/\\\/www.instagram.com\\\/atelierbrumaire\\\/\"]},{\"@type\":\"Person\",\"@id\":\"http:\\\/\\\/atelierbrumaire.com\\\/#\\\/schema\\\/person\\\/aa33980b99c2a82ae49dfc57abf95701\",\"name\":\"admin1632\",\"image\":{\"@type\":\"ImageObject\",\"inLanguage\":\"en-US\",\"@id\":\"https:\\\/\\\/secure.gravatar.com\\\/avatar\\\/5d555024e15e217076069fafa3b1674b551e8bb70cdce57aad0e67278fe4e5d2?s=96&d=mm&r=g\",\"url\":\"https:\\\/\\\/secure.gravatar.com\\\/avatar\\\/5d555024e15e217076069fafa3b1674b551e8bb70cdce57aad0e67278fe4e5d2?s=96&d=mm&r=g\",\"contentUrl\":\"https:\\\/\\\/secure.gravatar.com\\\/avatar\\\/5d555024e15e217076069fafa3b1674b551e8bb70cdce57aad0e67278fe4e5d2?s=96&d=mm&r=g\",\"caption\":\"admin1632\"}}]}<\/script>\n<!-- \/ Yoast SEO plugin. -->","yoast_head_json":{"title":"L'habitat du futur sera coop\u00e9ratif","robots":{"index":"index","follow":"follow","max-snippet":"max-snippet:-1","max-image-preview":"max-image-preview:large","max-video-preview":"max-video-preview:-1"},"canonical":"https:\/\/atelierbrumaire.com\/en\/habitat-cooperatif\/","og_locale":"en_US","og_type":"article","og_title":"[:fr]L'habitat du futur sera coop\u00e9ratif[:] &#183; BRUMAIRE atelier d'architecture","og_description":"f\u00e9vrier 2020, article publi\u00e9 par LaSemaine, hebdomadaire Grand Est, France La projection de l\u2019habitat dans le futur, m\u00eame proche, est indissociable des grands enjeux mondiaux et environnementaux. En tant qu\u2019architectes, penser l\u2019habitat du futur est une recherche constante : quels choix pour des mat\u00e9riaux responsables ? quelle performance \u00e9nerg\u00e9tique viser ? comment r\u00e9duire les d\u00e9chets [&hellip;]","og_url":"http:\/\/atelierbrumaire.com\/en\/habitat-cooperatif\/","og_site_name":"BRUMAIRE atelier d'architecture","article_published_time":"2020-06-12T11:42:52+00:00","article_modified_time":"2020-07-27T08:43:10+00:00","og_image":[{"width":1024,"height":1024,"url":"https:\/\/atelierbrumaire.com\/wp-content\/uploads\/2020\/06\/IMG_6535-2-1024x1024.jpg","type":"image\/jpeg"}],"author":"admin1632","twitter_card":"summary_large_image","twitter_misc":{"Written by":"admin1632","Est. reading time":"7 minutes"},"schema":{"@context":"https:\/\/schema.org","@graph":[{"@type":"Article","@id":"https:\/\/atelierbrumaire.com\/en\/habitat-cooperatif\/#article","isPartOf":{"@id":"https:\/\/atelierbrumaire.com\/en\/habitat-cooperatif\/"},"author":{"name":"admin1632","@id":"http:\/\/atelierbrumaire.com\/#\/schema\/person\/aa33980b99c2a82ae49dfc57abf95701"},"headline":"L&#8217;habitat du futur sera coop\u00e9ratif","datePublished":"2020-06-12T11:42:52+00:00","dateModified":"2020-07-27T08:43:10+00:00","mainEntityOfPage":{"@id":"https:\/\/atelierbrumaire.com\/en\/habitat-cooperatif\/"},"wordCount":1494,"publisher":{"@id":"http:\/\/atelierbrumaire.com\/#organization"},"image":{"@id":"https:\/\/atelierbrumaire.com\/en\/habitat-cooperatif\/#primaryimage"},"thumbnailUrl":"http:\/\/atelierbrumaire.com\/wp-content\/uploads\/2020\/06\/IMG_6535-2-scaled.jpg","articleSection":["ressources"],"inLanguage":"en-US"},{"@type":"WebPage","@id":"https:\/\/atelierbrumaire.com\/en\/habitat-cooperatif\/","url":"https:\/\/atelierbrumaire.com\/en\/habitat-cooperatif\/","name":"L'habitat du futur sera coop\u00e9ratif","isPartOf":{"@id":"http:\/\/atelierbrumaire.com\/#website"},"primaryImageOfPage":{"@id":"https:\/\/atelierbrumaire.com\/en\/habitat-cooperatif\/#primaryimage"},"image":{"@id":"https:\/\/atelierbrumaire.com\/en\/habitat-cooperatif\/#primaryimage"},"thumbnailUrl":"http:\/\/atelierbrumaire.com\/wp-content\/uploads\/2020\/06\/IMG_6535-2-scaled.jpg","datePublished":"2020-06-12T11:42:52+00:00","dateModified":"2020-07-27T08:43:10+00:00","breadcrumb":{"@id":"https:\/\/atelierbrumaire.com\/en\/habitat-cooperatif\/#breadcrumb"},"inLanguage":"en-US","potentialAction":[{"@type":"ReadAction","target":["https:\/\/atelierbrumaire.com\/en\/habitat-cooperatif\/"]}]},{"@type":"ImageObject","inLanguage":"en-US","@id":"https:\/\/atelierbrumaire.com\/en\/habitat-cooperatif\/#primaryimage","url":"http:\/\/atelierbrumaire.com\/wp-content\/uploads\/2020\/06\/IMG_6535-2-scaled.jpg","contentUrl":"http:\/\/atelierbrumaire.com\/wp-content\/uploads\/2020\/06\/IMG_6535-2-scaled.jpg","width":2560,"height":2560},{"@type":"BreadcrumbList","@id":"https:\/\/atelierbrumaire.com\/en\/habitat-cooperatif\/#breadcrumb","itemListElement":[{"@type":"ListItem","position":1,"name":"Accueil","item":"http:\/\/atelierbrumaire.com\/"},{"@type":"ListItem","position":2,"name":"L&#8217;habitat du futur sera coop\u00e9ratif"}]},{"@type":"WebSite","@id":"http:\/\/atelierbrumaire.com\/#website","url":"http:\/\/atelierbrumaire.com\/","name":"BRUMAIRE atelier d'architecture","description":"Grenoble - Metz","publisher":{"@id":"http:\/\/atelierbrumaire.com\/#organization"},"potentialAction":[{"@type":"SearchAction","target":{"@type":"EntryPoint","urlTemplate":"http:\/\/atelierbrumaire.com\/?s={search_term_string}"},"query-input":{"@type":"PropertyValueSpecification","valueRequired":true,"valueName":"search_term_string"}}],"inLanguage":"en-US"},{"@type":"Organization","@id":"http:\/\/atelierbrumaire.com\/#organization","name":"BRUMAIRE","url":"http:\/\/atelierbrumaire.com\/","logo":{"@type":"ImageObject","inLanguage":"en-US","@id":"http:\/\/atelierbrumaire.com\/#\/schema\/logo\/image\/","url":"http:\/\/atelierbrumaire.com\/wp-content\/uploads\/2020\/07\/Brumaire-atelier-architecture-icone-Marie-Ludmann.jpg","contentUrl":"http:\/\/atelierbrumaire.com\/wp-content\/uploads\/2020\/07\/Brumaire-atelier-architecture-icone-Marie-Ludmann.jpg","width":896,"height":896,"caption":"BRUMAIRE"},"image":{"@id":"http:\/\/atelierbrumaire.com\/#\/schema\/logo\/image\/"},"sameAs":["https:\/\/www.instagram.com\/atelierbrumaire\/"]},{"@type":"Person","@id":"http:\/\/atelierbrumaire.com\/#\/schema\/person\/aa33980b99c2a82ae49dfc57abf95701","name":"admin1632","image":{"@type":"ImageObject","inLanguage":"en-US","@id":"https:\/\/secure.gravatar.com\/avatar\/5d555024e15e217076069fafa3b1674b551e8bb70cdce57aad0e67278fe4e5d2?s=96&d=mm&r=g","url":"https:\/\/secure.gravatar.com\/avatar\/5d555024e15e217076069fafa3b1674b551e8bb70cdce57aad0e67278fe4e5d2?s=96&d=mm&r=g","contentUrl":"https:\/\/secure.gravatar.com\/avatar\/5d555024e15e217076069fafa3b1674b551e8bb70cdce57aad0e67278fe4e5d2?s=96&d=mm&r=g","caption":"admin1632"}}]}},"_links":{"self":[{"href":"http:\/\/atelierbrumaire.com\/en\/wp-json\/wp\/v2\/posts\/419","targetHints":{"allow":["GET"]}}],"collection":[{"href":"http:\/\/atelierbrumaire.com\/en\/wp-json\/wp\/v2\/posts"}],"about":[{"href":"http:\/\/atelierbrumaire.com\/en\/wp-json\/wp\/v2\/types\/post"}],"author":[{"embeddable":true,"href":"http:\/\/atelierbrumaire.com\/en\/wp-json\/wp\/v2\/users\/1"}],"replies":[{"embeddable":true,"href":"http:\/\/atelierbrumaire.com\/en\/wp-json\/wp\/v2\/comments?post=419"}],"version-history":[{"count":6,"href":"http:\/\/atelierbrumaire.com\/en\/wp-json\/wp\/v2\/posts\/419\/revisions"}],"predecessor-version":[{"id":1162,"href":"http:\/\/atelierbrumaire.com\/en\/wp-json\/wp\/v2\/posts\/419\/revisions\/1162"}],"wp:featuredmedia":[{"embeddable":true,"href":"http:\/\/atelierbrumaire.com\/en\/wp-json\/wp\/v2\/media\/421"}],"wp:attachment":[{"href":"http:\/\/atelierbrumaire.com\/en\/wp-json\/wp\/v2\/media?parent=419"}],"wp:term":[{"taxonomy":"category","embeddable":true,"href":"http:\/\/atelierbrumaire.com\/en\/wp-json\/wp\/v2\/categories?post=419"},{"taxonomy":"post_tag","embeddable":true,"href":"http:\/\/atelierbrumaire.com\/en\/wp-json\/wp\/v2\/tags?post=419"}],"curies":[{"name":"wp","href":"https:\/\/api.w.org\/{rel}","templated":true}]}}